{"id":1112,"date":"2012-01-25T19:47:21","date_gmt":"2012-01-25T19:47:21","guid":{"rendered":"http:\/\/imediata.org\/?p=1112"},"modified":"2012-01-25T19:54:48","modified_gmt":"2012-01-25T19:54:48","slug":"sala-de-espera-19-%e2%80%93-pinheirinho-sp-ataque-a-comunidade-reintegracao-de-falta-de-vergonha-na-cara-nacional","status":"publish","type":"post","link":"https:\/\/imediata.org\/?p=1112","title":{"rendered":">> Sala de espera 19-Pinheirinho, SP: ataque \u00e0 comunidade-reintegra\u00e7\u00e3o(?) da falta-de-vergonha-na-cara nacional"},"content":{"rendered":"<p><strong>Sala de espera 19-Pinheirinho, SP: ataque \u00e0 comunidade-reintegra\u00e7\u00e3o(?) da falta-de-vergonha-na-cara nacional<\/strong><br \/>\n<\/br><br \/>\n<strong>O Massacre de Pinheirinho: A verdade n\u00e3o mora ao lado<\/strong><br \/>\n<iframe loading=\"lazy\" title=\"O Massacre de Pinheirinho: A verdade n\u00e3o mora ao lado (legenda em ingl\u00eas, espanhol e franc\u00eas)\" width=\"640\" height=\"480\" src=\"https:\/\/www.youtube.com\/embed\/NBjjtc9BXXY?feature=oembed\" frameborder=\"0\" allow=\"accelerometer; autoplay; clipboard-write; encrypted-media; gyroscope; picture-in-picture; web-share\" referrerpolicy=\"strict-origin-when-cross-origin\" allowfullscreen><\/iframe><br \/>\n<\/br><br \/>\nEste v\u00eddeo revela os jogos de interesses na expuls\u00e3o dos 9.000 moradores da ocupa\u00e7\u00e3o Pinheirinho, de 8 anos, em S\u00e3o Jos\u00e9 dos Campos. Traz, tamb\u00e9m, imagens do dia da desocupa\u00e7\u00e3o (22\/01) e depoimentos sobre a trucul\u00eancia policial.<br \/>\n<\/br><br \/>\nColetivo de Comunicadores Populares  <a href=\"www.comunicadorespopulares.org <a href=\"http:\/\/www.comunicadorespopulares.org\">www.comunicadorespopulares.org<\/a><br \/>\n<\/br><br \/>\nFilmagem e entrevistas: Cristina Beskow, Yan Caramel, Gabriel de Barcellos?Edi\u00e7\u00e3o: Jefferson Vasques<br \/>\n<\/br><br \/>\nErrata: No v\u00eddeo se fala em 6.000 moradores, quando o certo seria 9.000.<\/p>\n","protected":false},"excerpt":{"rendered":"<p>Sala de espera 19-Pinheirinho, SP: ataque \u00e0 comunidade-reintegra\u00e7\u00e3o(?) da falta-de-vergonha-na-cara nacional O Massacre de Pinheirinho: A verdade n\u00e3o mora ao lado Este v\u00eddeo revela os jogos de interesses na expuls\u00e3o dos 9.000 moradores da ocupa\u00e7\u00e3o Pinheirinho, de 8 anos, em S\u00e3o Jos\u00e9 dos Campos. Traz, tamb\u00e9m, imagens do dia da desocupa\u00e7\u00e3o (22\/01) e depoimentos sobre [&hellip;]<\/p>\n","protected":false},"author":1,"featured_media":0,"comment_status":"open","ping_status":"open","sticky":false,"template":"","format":"standard","meta":{"footnotes":""},"categories":[9,100],"tags":[492,491,379],"class_list":["post-1112","post","type-post","status-publish","format-standard","hentry","category-lance-de-dados","category-sala-de-espera","tag-brasil-o-massacre","tag-pinheirinho","tag-sao-paulo"],"_links":{"self":[{"href":"https:\/\/imediata.org\/index.php?rest_route=\/wp\/v2\/posts\/1112","targetHints":{"allow":["GET"]}}],"collection":[{"href":"https:\/\/imediata.org\/index.php?rest_route=\/wp\/v2\/posts"}],"about":[{"href":"https:\/\/imediata.org\/index.php?rest_route=\/wp\/v2\/types\/post"}],"author":[{"embeddable":true,"href":"https:\/\/imediata.org\/index.php?rest_route=\/wp\/v2\/users\/1"}],"replies":[{"embeddable":true,"href":"https:\/\/imediata.org\/index.php?rest_route=%2Fwp%2Fv2%2Fcomments&post=1112"}],"version-history":[{"count":5,"href":"https:\/\/imediata.org\/index.php?rest_route=\/wp\/v2\/posts\/1112\/revisions"}],"predecessor-version":[{"id":1117,"href":"https:\/\/imediata.org\/index.php?rest_route=\/wp\/v2\/posts\/1112\/revisions\/1117"}],"wp:attachment":[{"href":"https:\/\/imediata.org\/index.php?rest_route=%2Fwp%2Fv2%2Fmedia&parent=1112"}],"wp:term":[{"taxonomy":"category","embeddable":true,"href":"https:\/\/imediata.org\/index.php?rest_route=%2Fwp%2Fv2%2Fcategories&post=1112"},{"taxonomy":"post_tag","embeddable":true,"href":"https:\/\/imediata.org\/index.php?rest_route=%2Fwp%2Fv2%2Ftags&post=1112"}],"curies":[{"name":"wp","href":"https:\/\/api.w.org\/{rel}","templated":true}]}}