{"id":1101,"date":"2012-01-23T01:42:13","date_gmt":"2012-01-23T01:42:13","guid":{"rendered":"http:\/\/imediata.org\/?p=1101"},"modified":"2012-01-23T01:56:52","modified_gmt":"2012-01-23T01:56:52","slug":"revolta-na-sicilia-conclamando-o-povo-a-empunhar-o-forcado","status":"publish","type":"post","link":"https:\/\/imediata.org\/?p=1101","title":{"rendered":">> Revolta na Sic\u00edlia &#8211; conclamando o povo a empunhar o FORCADO"},"content":{"rendered":"<p><strong>A revolta dos FORCADOS na Sic\u00edlia e dos pastores na Sardenha, declarando Guerra Total ao Sistema \u2013 Discurso de um produtor de laranjas siciliano conclamando o povo a empunhar o forcado<\/strong><br \/>\n<\/br><br \/>\n<a href=\"http:\/\/imediata.org\/wp-content\/uploads\/2012\/01\/spedizione.jpg\"><img loading=\"lazy\" decoding=\"async\" src=\"http:\/\/imediata.org\/wp-content\/uploads\/2012\/01\/spedizione.jpg\" alt=\"\" title=\"spedizione\" width=\"500\" height=\"400\" class=\"alignright size-full wp-image-1102\" srcset=\"https:\/\/imediata.org\/wp-content\/uploads\/2012\/01\/spedizione.jpg 500w, https:\/\/imediata.org\/wp-content\/uploads\/2012\/01\/spedizione-300x240.jpg 300w\" sizes=\"auto, (max-width: 500px) 100vw, 500px\" \/><\/a><br \/>\n<strong>22 de janeiro de 2012<\/strong><br \/>\n<\/br><br \/>\n<strong>| LA RIVOLTA DEI FORCONI IN SICILIA | ITALIA RIBELLATI ADESSO! !<\/strong><br \/>\nhttp:\/\/youtu.be\/gBD3VRKZKmM<br \/>\n<\/br><br \/>\n<strong>Transcri\u00e7\u00e3o traduzida: Imediata \/ at\u00e9 os 5:40 minutos<\/strong><br \/>\n<\/br><br \/>\nQuero dizer a voc\u00eas Obrigado.<br \/>\nMas n\u00e3o Obrigado a algu\u00e9m<br \/>\nObrigado \u00e0 DIGNIDADE.<br \/>\nQueremos que a DIGNIDADE seja, de novo, nossa.<br \/>\nO nosso <strong>DIREITO de CIDAD\u00c3OS<\/strong>,<br \/>\nE n\u00e3o de <strong>S\u00daDITOS.<br \/>\nDe GOVERNOS FANTOCHES,<br \/>\nE de POL\u00cdTICOS LADR\u00d5ES.<\/strong><br \/>\n<\/br><br \/>\nAlgu\u00e9m perguntou: Por que o <strong>FORCADO<\/strong>?<br \/>\n<\/br><br \/>\nO FORCADO \u00e9 aquilo que, atrav\u00e9s da hist\u00f3ria,<br \/>\na hist\u00f3ria da civiliza\u00e7\u00e3o camponesa,<br \/>\nquando os povos n\u00e3o aguentavam mais\u2026<br \/>\n<strong>O POVO empunhava o FORCADO<\/strong>.<br \/>\n<\/br><br \/>\nMuito bem, chagamos a este PONTO.<br \/>\n<\/br><br \/>\nN\u00f3s, que queremos viver com a nossa<br \/>\nDIGNIDADE e o nosso  TRABALHO,<br \/>\nsomos IMPEDIDOS de faz\u00ea-lo!<br \/>\n<\/br><br \/>\nN\u00e3o foi uma calamidade que caiu dos c\u00e9us.<br \/>\n<strong>FOI UMA CALAMIDADE PROVOCADA POR<br \/>\nHOMENS INDIGNOS<\/strong><br \/>\nde representar os povos, representar a pol\u00edtica.<br \/>\n<\/br><br \/>\nTemos que voltar a dar dignidade \u00e0 POL\u00cdTICA,<br \/>\nVoltar a dar dignidade ao HOMEM.<br \/>\n<\/br><br \/>\n<strong>BASTA com esse LADR\u00d5ES e com esses governos FANTOCHES!<\/strong><br \/>\n<\/br><br \/>\nEm Palermo, no m\u00eas de janeiro, a Sic\u00edlia toda precisa estar. Para dizer ao governo:<br \/>\n<strong>CORRUPTO, MERCEN\u00c1RIO, PALHA\u00c7O <\/strong><br \/>\na servi\u00e7o de quem foi e de quem \u00e9.<br \/>\n<\/br><br \/>\nVoc\u00eas precisam DAR O FORA! Com as boas ou com as m\u00e1s.<br \/>\n<\/br><br \/>\nPorque n\u00e3o podemos dialogar com quem assassinou. ASSASSINOU.<br \/>\n<strong>N\u00e3o se mata s\u00f3 com disparos. Mas com o DESESPERO.<\/strong><br \/>\n<\/br><br \/>\nAos pais de fam\u00edlia, a quem constringem a esmolar na CARITAS para receber um pacote de macarr\u00e3o. VERGONHA!<br \/>\n<\/br><br \/>\nVoc\u00eas falam de crise ganhando seus 10, 15, 20 mil euros por m\u00eas, al\u00e9m das PROPINAS das MULTINACIONAIS para <strong>DESTRUIR UM TERRIT\u00d3RIO<\/strong>.<br \/>\n\u00c9 isso que devemos combater.<br \/>\n<\/br><br \/>\n<strong>E devemos combater saindo da ESCRAVID\u00c3O, levantando a cabe\u00e7a e o forcado,<br \/>\nContra esses DELINQUENTES que se acham PATR\u00d5ES.<\/strong><br \/>\n<\/br><br \/>\nAmigos, conhecemos os danos que ocorreram agora.<br \/>\n<\/br><br \/>\nEu produzo laranjas, mas n\u00e3o tenho mais.<br \/>\nE aceito isso porque foi uma calamidade. Do c\u00e9u.<br \/>\n<\/br><br \/>\nMas n\u00e3o aceito quando vejo todo o meu sacrif\u00edcio com as planta\u00e7\u00f5es cair por terra quando me dizem: Cinco centavos!<br \/>\n<\/br><br \/>\n<strong>LADR\u00d5ES, DELINQUENTES, LADR\u00d5ES!<\/strong><br \/>\n<\/br><br \/>\nVoc\u00eas me imp\u00f5em de fazer o meu trabalho e me amea\u00e7am com o <strong>TERRORISMO FISCAL<\/strong>.<br \/>\n<\/br><br \/>\n<strong>Se eu n\u00e3o posso pagar uma presta\u00e7\u00e3o, me CONFISCAM a CASA.<br \/>\nSe n\u00e3o pudemos vender o produto, nos CONFISCAM a EMPRESA, as TERRAS.<\/strong><br \/>\n<\/br><br \/>\nMAS QUEM S\u00c3O ESSES?<br \/>\n<\/br><br \/>\n<strong>A SOBERANIA \u00c9 DO POVO!!!<\/strong><br \/>\n<\/br><br \/>\n<strong>VOC\u00ca \u00c9 O POVO, ent\u00e3o TEM A RESPONSABILIDADE DE LEVANTAR A CABE\u00c7A e de ACABAR COM ESSES LADR\u00d5ES E DELINQUENTES<\/strong> que ainda querem ser chamados de \u201chonrados\u201d.<br \/>\n<\/br><br \/>\n<strong>DESONRADOS<\/strong> \u00e9 o que eles s\u00e3o.<br \/>\n<\/br><br \/>\nDESONRADOS porque nunca fizeram o pr\u00f3prio dever, pela indeniza\u00e7\u00e3o que recebem (\u2026)<br \/>\n<\/br><br \/>\n<strong>COMO PODEMOS N\u00c3O DIZER NADA?<br \/>\nOU ESTARMOS DIVIDIDOS ENTRE DIREITA E ESQUERDA E CENTRO?<br \/>\nRESPEITEMO-NOS RECIPROCAMENTE.<\/strong><br \/>\n<\/br><br \/>\n<strong>CONQUISTEMOS ANTES NOSSA DIGNIDADE E O NOSSO DIREITO!!! <\/strong><br \/>\n<\/br><br \/>\n<strong>E depois poderemos nos confrontar politicamente\u2026 mas entre pessoas VERDADEIRAS,  pessoas HONESTAS, e n\u00e3o com a M\u00c1FIA POL\u00cdTICA. N\u00c3O COM OS LADR\u00d5ES.<\/strong><br \/>\n<\/br><br \/>\n\u00c9 isso que precisamos fazer.<br \/>\n<\/br><br \/>\nE ent\u00e3o, em nome do FUTURO dos nossos filhos\u2026 porque quando nossos filhos v\u00e3o nos olhar nos olhos e dizer:<br \/>\nO que foi que voc\u00eas fizeram? Voc\u00eas me ensinaram a n\u00e3o encarar o \u201chonrado politico\u201d tal e tal porque, quem sabe, vai nos arranjar algum empreguinho\u2026<br \/>\n<\/br><br \/>\n<strong>PAI, VOC\u00ca EST\u00c1 TIRANDO A DIGNIDADE DO SEU FILHO DE SE TORNAR UM HOMEM!!!<\/strong><br \/>\n<\/br><br \/>\n<strong>PARA UM HOMEM, O TRABALHO \u00c9 UM DIREITO.<\/strong><br \/>\n<\/br><br \/>\n<strong>E esses CANALHAS, que se outorgam o PODER, tem que pagar por isso!!!<\/strong><br \/>\n<\/br><br \/>\n<strong>ELES TEM QUE DEVOLVER O DINHEIRO QUE TOMARAM SEM TEREM TRABALHADO, E AQUILO QUE ELES ROUBARAM. AQUELE DINHEIRO \u00c9 DO POVO!!!<\/strong><br \/>\n<\/br><br \/>\n<strong>AQUELE DINHEIRO \u00c9 DO CIDAD\u00c3O QUE TEM QUE IR \u00c0 CARITAS ESMOLAR POR UM PACOTE DE MACARR\u00c3O.<\/strong><br \/>\n<\/br><br \/>\n<strong>PALHA\u00c7OS, DELINQUENTES, SEM-VERGONHA!!!<br \/>\nE ainda v\u00eam falar de FILOSOFIA. DE FILOSOFIA NA POL\u00cdTICA!<\/strong><br \/>\n<\/br><br \/>\n<strong>ESSA CALAMIDADE N\u00c3O CAIU DO C\u00c9U.<br \/>\nFOI PROVOCADA PELA CORRUP\u00c7\u00c3O. PELO PODER. PELAS FINAN\u00c7AS.<br \/>\nFINAN\u00c7AS QUE DECIDEM QUEM VAI VIVER E QUEM VAI MORRER.<\/strong><br \/>\n<\/br><br \/>\n<\/br><br \/>\nOnde est\u00e1 a dignidade crist\u00e3?<br \/>\nOnde est\u00e3o os valores humanos?<br \/>\n<\/br><br \/>\nEst\u00e3o no enriquecimento dos seus bolsos.<br \/>\n<\/br><br \/>\n<strong>Por isso, agora, do POVO, esperem o<br \/>\nFORCADO!!!! O FORCADO!!!<\/strong><br \/>\n<\/br><br \/>\n<a href=\"http:\/\/imediata.org\/wp-content\/uploads\/2012\/01\/images1.jpeg\"><img loading=\"lazy\" decoding=\"async\" src=\"http:\/\/imediata.org\/wp-content\/uploads\/2012\/01\/images1.jpeg\" alt=\"\" title=\"images\" width=\"231\" height=\"218\" class=\"alignright size-full wp-image-1103\" \/><\/a><\/p>\n","protected":false},"excerpt":{"rendered":"<p>A revolta dos FORCADOS na Sic\u00edlia e dos pastores na Sardenha, declarando Guerra Total ao Sistema \u2013 Discurso de um produtor de laranjas siciliano conclamando o povo a empunhar o forcado 22 de janeiro de 2012 | LA RIVOLTA DEI FORCONI IN SICILIA | ITALIA RIBELLATI ADESSO! ! http:\/\/youtu.be\/gBD3VRKZKmM Transcri\u00e7\u00e3o traduzida: Imediata \/ at\u00e9 os [&hellip;]<\/p>\n","protected":false},"author":1,"featured_media":0,"comment_status":"open","ping_status":"open","sticky":false,"template":"","format":"standard","meta":{"footnotes":""},"categories":[9],"tags":[487,15,486,489,490,488,484,485],"class_list":["post-1101","post","type-post","status-publish","format-standard","hentry","category-lance-de-dados","tag-dignidade","tag-europa","tag-forcado","tag-governo-fantoche","tag-italia","tag-justica","tag-revolta-dos-forcados-na-sicilia","tag-revolta-dos-pastores-da-sardenha"],"_links":{"self":[{"href":"https:\/\/imediata.org\/index.php?rest_route=\/wp\/v2\/posts\/1101","targetHints":{"allow":["GET"]}}],"collection":[{"href":"https:\/\/imediata.org\/index.php?rest_route=\/wp\/v2\/posts"}],"about":[{"href":"https:\/\/imediata.org\/index.php?rest_route=\/wp\/v2\/types\/post"}],"author":[{"embeddable":true,"href":"https:\/\/imediata.org\/index.php?rest_route=\/wp\/v2\/users\/1"}],"replies":[{"embeddable":true,"href":"https:\/\/imediata.org\/index.php?rest_route=%2Fwp%2Fv2%2Fcomments&post=1101"}],"version-history":[{"count":4,"href":"https:\/\/imediata.org\/index.php?rest_route=\/wp\/v2\/posts\/1101\/revisions"}],"predecessor-version":[{"id":1107,"href":"https:\/\/imediata.org\/index.php?rest_route=\/wp\/v2\/posts\/1101\/revisions\/1107"}],"wp:attachment":[{"href":"https:\/\/imediata.org\/index.php?rest_route=%2Fwp%2Fv2%2Fmedia&parent=1101"}],"wp:term":[{"taxonomy":"category","embeddable":true,"href":"https:\/\/imediata.org\/index.php?rest_route=%2Fwp%2Fv2%2Fcategories&post=1101"},{"taxonomy":"post_tag","embeddable":true,"href":"https:\/\/imediata.org\/index.php?rest_route=%2Fwp%2Fv2%2Ftags&post=1101"}],"curies":[{"name":"wp","href":"https:\/\/api.w.org\/{rel}","templated":true}]}}