{"id":1066,"date":"2012-01-19T22:41:22","date_gmt":"2012-01-19T22:41:22","guid":{"rendered":"http:\/\/imediata.org\/?p=1066"},"modified":"2012-01-19T22:54:00","modified_gmt":"2012-01-19T22:54:00","slug":"mario-monti-lobista-dos-bombanqueiros-da-otan-sinergia-entre-bombas-e-bancos-bombardeios-e-bombanqueiros","status":"publish","type":"post","link":"https:\/\/imediata.org\/?p=1066","title":{"rendered":">> Mario Monti, lobista dos bombanqueiros da OTAN &#8211; sinergia entre bombas e bancos, bombardeios e bombanqueiros"},"content":{"rendered":"<p><strong>Mario Monti, lobista dos bombanqueiros da OTAN &#8211; sinergia entre bombas e bancos, bombardeios e bombanqueiros<\/strong><br \/>\n<\/br><br \/>\n<strong>FONTE: <a href=\"http:\/\/www.comidad.org\/dblog\/articolo.asp?articolo=467\">C.O.M.I.D.A.D.ORG<\/a> de 19.01.2012<br \/>\nTradu\u00e7\u00e3o: Imediata<\/strong><br \/>\n<\/br><br \/>\n<a href=\"http:\/\/imediata.org\/wp-content\/uploads\/2012\/01\/mario_monti.jpg\"><img loading=\"lazy\" decoding=\"async\" src=\"http:\/\/imediata.org\/wp-content\/uploads\/2012\/01\/mario_monti.jpg\" alt=\"\" title=\"_mario_monti\" width=\"250\" height=\"352\" class=\"aligncenter size-full wp-image-1067\" srcset=\"https:\/\/imediata.org\/wp-content\/uploads\/2012\/01\/mario_monti.jpg 250w, https:\/\/imediata.org\/wp-content\/uploads\/2012\/01\/mario_monti-213x300.jpg 213w\" sizes=\"auto, (max-width: 250px) 100vw, 250px\" \/><\/a><br \/>\n<strong>Mario Monti<\/strong><br \/>\n<\/br><br \/>\nCresce o interesse por parte das multinacionais financeiras pelos neg\u00f3cios \u201cpobres\u201d, das aposentadorias aos amortizadores sociais. Tudo vira ocasi\u00e3o para privatiza\u00e7\u00f5es, imposi\u00e7\u00e3o de contas correntes e cartas de cr\u00e9dito (vide a \u201cflexsecurity\u201d). \u00c9 preciso \u201cliberalizar\u201d, mas os seguros se tornam obrigat\u00f3rios a respeito de tudo: al\u00e9m das donas de casa, agora os profissionais tamb\u00e9m precisam ter seguro e os motoristas, em vez de um cupom, precisar\u00e3o ter um microchip.<br \/>\n<\/br><br \/>\nO assalto do lobby banc\u00e1rio \u00e0s atividades de neg\u00f3cios pobres determinou que agora est\u00e1 na mira at\u00e9 a categoria dos taxistas. A \u201cliberaliza\u00e7\u00e3o\u201d dos t\u00e1xis j\u00e1 aconteceu nos Estados Unidos, onde os taxistas s\u00e3o, quase todos, imigrantes.<br \/>\n<\/br><br \/>\nTrabalhadores indianos, paquistaneses ou eslavos foram for\u00e7ados, em seus pr\u00f3prios pa\u00edses, a se endividarem junto a qualquer ag\u00eancia financeira, para depois serem induzidos a emigrar de modo a conseguir pagar pelo menos os juros da pr\u00f3pria d\u00edvida. A emigra\u00e7\u00e3o n\u00e3o \u00e9 uma escolha, mas uma consequ\u00eancia do endividamento pessoal; e se a \u201ccorpora\u00e7\u00e3o\u201d dos taxistas n\u00e3o sai de campo, as ag\u00eancias financeiras n\u00e3o ter\u00e3o como conseguir o pagamento das d\u00edvidas. Obviamente, as ag\u00eancias financeiras fazem quase todas parte de subgrupos de grandes bancos internacionais.[1]<br \/>\n<\/br><br \/>\nConsideremos quanto a quest\u00e3o dos migrantes facilitar\u00e1 governar essa \u201cliberaliza\u00e7\u00e3o\u201d, que ser\u00e1 reduzida a um conflito \u00e9tnico-racial, colocando as v\u00edtimas umas contra as outras. Contra a \u201ccorpora\u00e7\u00e3o\u201d dos taxistas poder\u00e1, portanto, ser utilizada tamb\u00e9m a acusa\u00e7\u00e3o de racismo e xenofobia.<br \/>\n<\/br><br \/>\nJ\u00e1 agora os taxistas s\u00e3o alvo da m\u00eddia, posto que n\u00e3o somente constituem um obst\u00e1culo ao \u201ccrescimento\u201d, mas \u2013 conforme nos foi dito pelo programa de TV &#8220;Report&#8221; \u2013 s\u00e3o at\u00e9 uma banda de sonegadores de impostos. N\u00e3o falta muito para que aos taxistas sejam atribu\u00eddos crimes contra a humanidade, viola\u00e7\u00f5es aos direitos humanos e lapida\u00e7\u00e3o de mulheres ad\u00falteras.<br \/>\n<\/br><br \/>\nEsses tons de psicoguerra imperialista com rela\u00e7\u00e3o \u00e0s \u201ccorpora\u00e7\u00f5es\u201d n\u00e3o constituem uma anomalia da propaganda, mas est\u00e3o em sintonia, j\u00e1 que o objetivo da liberaliza\u00e7\u00e3o dos com\u00e9rcios pode ser encontrado no &#8220;Business &#038; Economics Program&#8221; do Conselho Atl\u00e2ntico, o \u00f3rg\u00e3o diretor da OTAN.<br \/>\n<\/br><br \/>\nMas o que tem a ver a OTAN com a \u201cgovernan\u00e7a\u201d da economia mundial? Pelo que parece, muito. A OTAN n\u00e3o trata s\u00f3 de bombardeios; pelo contr\u00e1rio, os bombardeios servem para gerenciar os neg\u00f3cios; \u00e9 a sinergia entre bombas e bancos: bombardeios e bombanqueiros.<br \/>\n<\/br><br \/>\nEntre os membros do Advisor Group do &#8220;Business &#038; Economics Program&#8221;, que trata de \u201cliberaliza\u00e7\u00f5es\u201d, encontra-se um tal de professor Mario Monti, reitor da Universidade Bocconi de Mil\u00e3o. A not\u00edcia chega do website do Conselho Atl\u00e2ntico.[2]<br \/>\n<\/br><br \/>\n<a href=\"http:\/\/imediata.org\/wp-content\/uploads\/2012\/01\/merkelsarkozymonti.jpg\"><img loading=\"lazy\" decoding=\"async\" src=\"http:\/\/imediata.org\/wp-content\/uploads\/2012\/01\/merkelsarkozymonti.jpg\" alt=\"\" title=\"merkelsarkozymonti\" width=\"610\" height=\"211\" class=\"aligncenter size-full wp-image-1068\" srcset=\"https:\/\/imediata.org\/wp-content\/uploads\/2012\/01\/merkelsarkozymonti.jpg 610w, https:\/\/imediata.org\/wp-content\/uploads\/2012\/01\/merkelsarkozymonti-300x103.jpg 300w\" sizes=\"auto, (max-width: 610px) 100vw, 610px\" \/><\/a><br \/>\n<strong>Merkel, Sarkozy, Monti<\/strong><br \/>\n<\/br><br \/>\nO mais interessante \u00e9 aqueles que est\u00e3o preocupados que Monti seja parte da Trilateral e do Bilderberg, quando at\u00e9 faz parte do Conselho Atl\u00e2ntico. Em resumo, Monti n\u00e3o \u00e9 um galopim qualquer, mas pertence \u00e0 s\u00e9rie A dos lobistas; coisa que explica porque Merkel e Sarkozy o tratem com tanta defer\u00eancia. No Conselho Atl\u00e2ntico, Monti \u00e9 considerado uma esp\u00e9cie de vate (profeta), a quem endere\u00e7ar angustiantes perguntas sobre os destinos da economia mundial. \u00c0s perguntas, Monti responde sempre com as mesmas mistifica\u00e7\u00f5es, por\u00e9m com aquele seu estilo inconfundivelmente s\u00f3brio. A entrevista \u00e9 de 2009, mas se encontra no site do Conselho Atl\u00e2ntico.[3]<br \/>\n<\/br><br \/>\nDe vez em quando os jornalistas acordam de sua letargia \u201cmercadista\u201d e descobrem, de repente, que existe o lobby mascarado. Parece que as an\u00e1lises da Standard &#038; Poors sejam absolutas banalidades ou mesmo charlatanices, do tipo: Se as medidas contra a crise falharem, ent\u00e3o a economia europeia estar\u00e1 na pior. Parece que at\u00e9 a Standard &#038; Poors esteja sob o controle direto da direita estadunidense e dos republicanos, e que a propriedade da ag\u00eancia de rating esteja nas m\u00e3os dos fundos de investimento. De modo que os ju\u00edzos das ag\u00eancias n\u00e3o seriam nada mais que um sinal de largada para o roubo a um determinado pa\u00eds. Mas como ter\u00e1 feito a imprensa europeia a descobrir esse imbr\u00f3glio? Acordou de repente at\u00e9 mesmo a CONSOB, que pediu \u00e0 ag\u00eancia de vigil\u00e2ncia europeia, a ESMA, uma pesquisa sobre os conflitos de interesse das ag\u00eancias de rating.[4]<br \/>\n<\/br><br \/>\nPena que depois todos voltem \u00e0 letargia e continuem a tratar como \u201ct\u00e9cnicos\u201d outros lobistas como Mario Monti e seus ministros. Hoje a OTAN \u00e9 a mais poderosa organiza\u00e7\u00e3o de lobby dos bancos, na qual quem tem a parte do le\u00e3o s\u00e3o: JP Morgan, Deutsche Bank e a usual Goldman Sachs. Um outro dispensador de preciosos vatic\u00ednios sobre a economia mundial, ali\u00e1s, o n\u00famero um do setor, \u00e9, de fato, Robert Zoellick, diretor executivo do Banco Mundial. Zoellick se tornou uma esp\u00e9cie de nome tutelar do Conselho Atl\u00e2ntico, \u201cservido, reverenciado\u201d e ouvido religiosamente. Pelo menos \u00e9 o que conta o site do Conselho Atl\u00e2ntico. [5]<br \/>\n<\/br><br \/>\n<a href=\"http:\/\/imediata.org\/wp-content\/uploads\/2012\/01\/RobertZoellick2.jpg\"><img loading=\"lazy\" decoding=\"async\" src=\"http:\/\/imediata.org\/wp-content\/uploads\/2012\/01\/RobertZoellick2.jpg\" alt=\"\" title=\"RobertZoellick2\" width=\"260\" height=\"293\" class=\"aligncenter size-full wp-image-1069\" \/><\/a><br \/>\n<strong>Robert Zoellick<\/strong><br \/>\n<\/br><br \/>\nO curriculum de Zoellick, publicado pelo Banco Mundial, denota por\u00e9m a usual falta de originalidade: ele tamb\u00e9m prov\u00e9m do Goldman Sachs, onde foi vice-presidente.[6]<br \/>\n<\/br><br \/>\nEnt\u00e3o por que a CONSOB n\u00e3o se decide em solicitar \u00e0 ESMA uma investiga\u00e7\u00e3o sobre os conflitos de interesses da OTAN e do Banco Mundial?<br \/>\n<\/br><\/p>\n<p>[1] <a href=\"http:\/\/www.prestiti.it\/finanziarie\">http:\/\/www.prestiti.it\/finanziarie<\/a><br \/>\n[2] <a href=\"http:\/\/www.microsofttranslator.com\/bv.aspx?ref=IE8Activity&#038;from=&#038;to=it&#038;a=http%3a%2f%2fwww.acus.org%2fpeople%2fbeag\">http:\/\/www.microsofttranslator.com\/bv.aspx?ref=IE8Activity&#038;from=&#038;to=it&#038;a=http%3a%2f%2fwww.acus.org%2fpeople%2fbeag<\/a><br \/>\n[3] <a href=\"http:\/\/translate.google.it\/translate?\">http:\/\/translate.google.it\/translate?<\/a><br \/>\n[4] <a href=\"http:\/\/www.ilsole24ore.com\/art\/finanza-e-mercati\/2012-01-16\/nessun-vincolo-regole-agenzie-222939.shtml?uuid=Aa0puweE\">http:\/\/www.ilsole24ore.com\/art\/finanza-e-mercati\/2012-01-16\/nessun-vincolo-regole-agenzie-222939.shtml?uuid=Aa0puweE<\/a><br \/>\n[5] <a href=\"http:\/\/translate.google.it\/translate?\">http:\/\/translate.google.it\/translate?<\/a><br \/>\n[6] <a href=\"www.microsofttranslator.com\">www.microsofttranslator.com<\/a><\/p>\n","protected":false},"excerpt":{"rendered":"<p>Mario Monti, lobista dos bombanqueiros da OTAN &#8211; sinergia entre bombas e bancos, bombardeios e bombanqueiros FONTE: C.O.M.I.D.A.D.ORG de 19.01.2012 Tradu\u00e7\u00e3o: Imediata Mario Monti Cresce o interesse por parte das multinacionais financeiras pelos neg\u00f3cios \u201cpobres\u201d, das aposentadorias aos amortizadores sociais. Tudo vira ocasi\u00e3o para privatiza\u00e7\u00f5es, imposi\u00e7\u00e3o de contas correntes e cartas de cr\u00e9dito (vide a [&hellip;]<\/p>\n","protected":false},"author":1,"featured_media":0,"comment_status":"open","ping_status":"open","sticky":false,"template":"","format":"standard","meta":{"footnotes":""},"categories":[68,9],"tags":[418,419,253,416,413,345,414,415,346,417],"class_list":["post-1066","post","type-post","status-publish","format-standard","hentry","category-dossie-queda-da-rua-do-muro","category-lance-de-dados","tag-bancocracia","tag-bombas-e-bancos","tag-goldman-sachs","tag-lobby","tag-mario-monti","tag-merkel","tag-otan","tag-robert-zoellick","tag-sarkozy","tag-totalitatismo-financeiro"],"_links":{"self":[{"href":"https:\/\/imediata.org\/index.php?rest_route=\/wp\/v2\/posts\/1066","targetHints":{"allow":["GET"]}}],"collection":[{"href":"https:\/\/imediata.org\/index.php?rest_route=\/wp\/v2\/posts"}],"about":[{"href":"https:\/\/imediata.org\/index.php?rest_route=\/wp\/v2\/types\/post"}],"author":[{"embeddable":true,"href":"https:\/\/imediata.org\/index.php?rest_route=\/wp\/v2\/users\/1"}],"replies":[{"embeddable":true,"href":"https:\/\/imediata.org\/index.php?rest_route=%2Fwp%2Fv2%2Fcomments&post=1066"}],"version-history":[{"count":4,"href":"https:\/\/imediata.org\/index.php?rest_route=\/wp\/v2\/posts\/1066\/revisions"}],"predecessor-version":[{"id":1071,"href":"https:\/\/imediata.org\/index.php?rest_route=\/wp\/v2\/posts\/1066\/revisions\/1071"}],"wp:attachment":[{"href":"https:\/\/imediata.org\/index.php?rest_route=%2Fwp%2Fv2%2Fmedia&parent=1066"}],"wp:term":[{"taxonomy":"category","embeddable":true,"href":"https:\/\/imediata.org\/index.php?rest_route=%2Fwp%2Fv2%2Fcategories&post=1066"},{"taxonomy":"post_tag","embeddable":true,"href":"https:\/\/imediata.org\/index.php?rest_route=%2Fwp%2Fv2%2Ftags&post=1066"}],"curies":[{"name":"wp","href":"https:\/\/api.w.org\/{rel}","templated":true}]}}