{"id":1034,"date":"2012-01-14T20:09:05","date_gmt":"2012-01-14T20:09:05","guid":{"rendered":"http:\/\/imediata.org\/?p=1034"},"modified":"2012-01-15T17:19:31","modified_gmt":"2012-01-15T17:19:31","slug":"sala-de-espera-17-concordia-e-la-nave-non-va","status":"publish","type":"post","link":"https:\/\/imediata.org\/?p=1034","title":{"rendered":">> Sala de espera 17 &#8211; Concordia &#8220;&#8230;e la nave NON va&#8230;&#8221;"},"content":{"rendered":"<p>Sala de espera 17 &#8211; Concordia &#8220;&#8230;e la nave NON va&#8230;&#8221;<br \/>\n<\/br><br \/>\n<strong>MEGAMET\u00c1FORA, N\u00c3O?!?!?!?!?!??<\/strong><br \/>\n<strong>Lembrando que o navio Costa Concordia \u00e9 onde Jean-Luc Godard filmou seu \u00faltimo filme: Film Socialisme &#8211; ver trechos do filme em nossa <a href=\"http:\/\/imediata.org\/?p=685\">Sala de Espera 8 \u2013 QUO VADIS, EUROPA?<\/a><\/strong><br \/>\n<\/br><br \/>\n<a href=\"http:\/\/imediata.org\/wp-content\/uploads\/2012\/01\/205707965-e9a6d7fd-e1fe-4867-b234-f6a907d649b8.jpg\"><img loading=\"lazy\" decoding=\"async\" src=\"http:\/\/imediata.org\/wp-content\/uploads\/2012\/01\/205707965-e9a6d7fd-e1fe-4867-b234-f6a907d649b8.jpg\" alt=\"\" title=\"205707965-e9a6d7fd-e1fe-4867-b234-f6a907d649b8\" width=\"980\" height=\"250\" class=\"aligncenter size-full wp-image-1038\" srcset=\"https:\/\/imediata.org\/wp-content\/uploads\/2012\/01\/205707965-e9a6d7fd-e1fe-4867-b234-f6a907d649b8.jpg 980w, https:\/\/imediata.org\/wp-content\/uploads\/2012\/01\/205707965-e9a6d7fd-e1fe-4867-b234-f6a907d649b8-300x76.jpg 300w\" sizes=\"auto, (max-width: 980px) 100vw, 980px\" \/><\/a><br \/>\n<\/br><br \/>\n<strong>Para informa\u00e7\u00f5es detalhadas (em ingl\u00eas):<\/strong><br \/>\n<a href=\"http:\/\/www.seanews.com.tr\/article\/ACCIDENTS\/74284\/Costa-Concordia-accident-navigational-error\/\">http:\/\/www.seanews.com.tr\/article\/ACCIDENTS\/74284\/Costa-Concordia-accident-navigational-error\/<\/a><br \/>\n<\/br><br \/>\n<strong>Para reflex\u00f5es sensatas sobre a rela\u00e7\u00e3o entre subemprego, trabalho prec\u00e1rio e o acidente (em italiano):<\/strong><br \/>\n<a href=\"http:\/\/crisis.blogosfere.it\/2012\/01\/costa-concordia-stranieri-e-al-nero-sulle-navi-da-crociera.html\">http:\/\/crisis.blogosfere.it\/2012\/01\/costa-concordia-stranieri-e-al-nero-sulle-navi-da-crociera.html<\/a><br \/>\n<\/br><br \/>\n<object classid=\"clsid:d27cdb6e-ae6d-11cf-96b8-444553540000\" codebase=\"http:\/\/download.macromedia.com\/pub\/shockwave\/cabs\/flash\/swflash.cab#version=10,0,0,0\" width=\"640\" height=\"390\"><param value=\"http:\/\/flv.kataweb.it\/player\/v4\/player\/player_v1a.swf\" name=\"movie\"><\/param><param value=\"always\" name=\"allowScriptAccess\"><\/param><param value=\"true\" name=\"allowFullScreen\"><\/param><param value=\"high\" name=\"quality\"><\/param><param value=\"direct\" name=\"wmode\"><\/param><param value=\"#ffffff\" name=\"bgcolor\"><\/param><param value=\"autostart=true&#038;provider=video&#038;file=http:\/\/flv.kataweb.it\/repubblicatv\/file\/2012\/01\/gdf_140112.mp4?width=640&#038;height=387&#038;repeat=false&#038;logo.file=0&#038;logo.position=top-left&#038;logo.margin=10&#038;shuffle=false&#038;mute=false&#038;volume=60&#038;stretching=unfiform&#038;screencolor=000000&#038;buffer=5&#038;smoothing=true&#038;brand=RepubblicaTV&#038;category=edizione&#038;subcategory=firenze&#038;videotitle=Soccorsi alla Costa Concordia: le immagini dall\\'elicottero&#038;streamurl=http:\/\/video.repubblica.it\/edizione\/firenze\/soccorsi-alla-costa-concordia-le-immagini-dall-elicottero\/85711\/84100&#038;webserviceurl=http:\/\/video.repubblica.it\/php\/services\/related.php?id=&#038;mediaid=85711&#038;dock=false&#038;image=&#038;debug=false&#038;skin=http:\/\/flv.kataweb.it\/player\/v4\/skin\/skin_rrtv_temp.swf&#038;plugins=http:\/\/flv.kataweb.it\/player\/v4\/plugin\/plugin_nielsen.swf,http:\/\/flv.kataweb.it\/player\/v4\/plugin\/plugin_related.swf\" name=\"flashvars\"><\/param><embed src=\"http:\/\/flv.kataweb.it\/player\/v4\/player\/player_v1a.swf\" flashvars=\"autostart=true&#038;provider=video&#038;file=http:\/\/flv.kataweb.it\/repubblicatv\/file\/2012\/01\/gdf_140112.mp4?width=640&#038;height=387&#038;repeat=false&#038;logo.file=0&#038;logo.position=top-left&#038;logo.margin=10&#038;shuffle=false&#038;mute=false&#038;volume=60&#038;stretching=unfiform&#038;screencolor=000000&#038;buffer=5&#038;smoothing=true&#038;brand=RepubblicaTV&#038;category=edizione&#038;subcategory=firenze&#038;videotitle=Soccorsi alla Costa Concordia: le immagini dall\\'elicottero&#038;streamurl=http:\/\/video.repubblica.it\/edizione\/firenze\/soccorsi-alla-costa-concordia-le-immagini-dall-elicottero\/85711\/84100&#038;webserviceurl=http:\/\/video.repubblica.it\/php\/services\/related.php?id=&#038;mediaid=85711&#038;dock=false&#038;image=&#038;debug=false&#038;skin=http:\/\/flv.kataweb.it\/player\/v4\/skin\/skin_rrtv_temp.swf&#038;plugins=http:\/\/flv.kataweb.it\/player\/v4\/plugin\/plugin_nielsen.swf,http:\/\/flv.kataweb.it\/player\/v4\/plugin\/plugin_related.swf\" allowScriptAccess=\"true\" quality=\"high\" wmode=\"direct\" bgcolor=\"#FFFFFF\" width=\"640\" height=\"390\" type=\"application\/x-shockwave-flash\"  \/><\/embed><\/object><\/p>\n<p><\/br><\/p>\n<p><object classid=\"clsid:d27cdb6e-ae6d-11cf-96b8-444553540000\" codebase=\"http:\/\/download.macromedia.com\/pub\/shockwave\/cabs\/flash\/swflash.cab#version=10,0,0,0\" width=\"640\" height=\"390\"><param value=\"http:\/\/flv.kataweb.it\/player\/v4\/player\/player_v1a.swf\" name=\"movie\"><\/param><param value=\"always\" name=\"allowScriptAccess\"><\/param><param value=\"true\" name=\"allowFullScreen\"><\/param><param value=\"high\" name=\"quality\"><\/param><param value=\"direct\" name=\"wmode\"><\/param><param value=\"#ffffff\" name=\"bgcolor\"><\/param><param value=\"autostart=true&#038;provider=video&#038;file=http:\/\/flv.kataweb.it\/repubblicatv\/file\/2012\/01\/costa_taglio140112_2.mp4?width=640&#038;height=387&#038;repeat=false&#038;logo.file=0&#038;logo.position=top-left&#038;logo.margin=10&#038;shuffle=false&#038;mute=false&#038;volume=60&#038;stretching=unfiform&#038;screencolor=000000&#038;buffer=5&#038;smoothing=true&#038;brand=RepubblicaTV&#038;category=edizione&#038;subcategory=firenze&#038;videotitle=Costa Concordia, la chiglia della nave rovesciata&#038;streamurl=http:\/\/video.repubblica.it\/edizione\/firenze\/costa-concordia-la-chiglia-della-nave-rovesciata\/85694\/84083&#038;webserviceurl=http:\/\/video.repubblica.it\/php\/services\/related.php?id=&#038;mediaid=85694&#038;dock=false&#038;image=&#038;debug=false&#038;skin=http:\/\/flv.kataweb.it\/player\/v4\/skin\/skin_rrtv_temp.swf&#038;plugins=http:\/\/flv.kataweb.it\/player\/v4\/plugin\/plugin_nielsen.swf,http:\/\/flv.kataweb.it\/player\/v4\/plugin\/plugin_related.swf\" name=\"flashvars\"><\/param><embed src=\"http:\/\/flv.kataweb.it\/player\/v4\/player\/player_v1a.swf\" flashvars=\"autostart=true&#038;provider=video&#038;file=http:\/\/flv.kataweb.it\/repubblicatv\/file\/2012\/01\/costa_taglio140112_2.mp4?width=640&#038;height=387&#038;repeat=false&#038;logo.file=0&#038;logo.position=top-left&#038;logo.margin=10&#038;shuffle=false&#038;mute=false&#038;volume=60&#038;stretching=unfiform&#038;screencolor=000000&#038;buffer=5&#038;smoothing=true&#038;brand=RepubblicaTV&#038;category=edizione&#038;subcategory=firenze&#038;videotitle=Costa Concordia, la chiglia della nave rovesciata&#038;streamurl=http:\/\/video.repubblica.it\/edizione\/firenze\/costa-concordia-la-chiglia-della-nave-rovesciata\/85694\/84083&#038;webserviceurl=http:\/\/video.repubblica.it\/php\/services\/related.php?id=&#038;mediaid=85694&#038;dock=false&#038;image=&#038;debug=false&#038;skin=http:\/\/flv.kataweb.it\/player\/v4\/skin\/skin_rrtv_temp.swf&#038;plugins=http:\/\/flv.kataweb.it\/player\/v4\/plugin\/plugin_nielsen.swf,http:\/\/flv.kataweb.it\/player\/v4\/plugin\/plugin_related.swf\" allowScriptAccess=\"true\" quality=\"high\" wmode=\"direct\" bgcolor=\"#FFFFFF\" width=\"640\" height=\"390\" type=\"application\/x-shockwave-flash\"  \/><\/embed><\/object><\/p>\n<p><\/br><br \/>\n<strong>Recomendamos tamb\u00e9m (re)ver<\/strong><br \/>\n<strong>Sala de Espera 8 \u2013 QUO VADIS, EUROPA?<\/strong><\/p>\n<p><a href=\"http:\/\/imediata.org\/?p=685\">http:\/\/imediata.org\/?p=685<\/a><\/p>\n","protected":false},"excerpt":{"rendered":"<p>Sala de espera 17 &#8211; Concordia &#8220;&#8230;e la nave NON va&#8230;&#8221; MEGAMET\u00c1FORA, N\u00c3O?!?!?!?!?!?? Lembrando que o navio Costa Concordia \u00e9 onde Jean-Luc Godard filmou seu \u00faltimo filme: Film Socialisme &#8211; ver trechos do filme em nossa Sala de Espera 8 \u2013 QUO VADIS, EUROPA? Para informa\u00e7\u00f5es detalhadas (em ingl\u00eas): http:\/\/www.seanews.com.tr\/article\/ACCIDENTS\/74284\/Costa-Concordia-accident-navigational-error\/ Para reflex\u00f5es sensatas sobre a [&hellip;]<\/p>\n","protected":false},"author":1,"featured_media":0,"comment_status":"open","ping_status":"open","sticky":false,"template":"","format":"standard","meta":{"footnotes":""},"categories":[100],"tags":[],"class_list":["post-1034","post","type-post","status-publish","format-standard","hentry","category-sala-de-espera"],"_links":{"self":[{"href":"https:\/\/imediata.org\/index.php?rest_route=\/wp\/v2\/posts\/1034","targetHints":{"allow":["GET"]}}],"collection":[{"href":"https:\/\/imediata.org\/index.php?rest_route=\/wp\/v2\/posts"}],"about":[{"href":"https:\/\/imediata.org\/index.php?rest_route=\/wp\/v2\/types\/post"}],"author":[{"embeddable":true,"href":"https:\/\/imediata.org\/index.php?rest_route=\/wp\/v2\/users\/1"}],"replies":[{"embeddable":true,"href":"https:\/\/imediata.org\/index.php?rest_route=%2Fwp%2Fv2%2Fcomments&post=1034"}],"version-history":[{"count":6,"href":"https:\/\/imediata.org\/index.php?rest_route=\/wp\/v2\/posts\/1034\/revisions"}],"predecessor-version":[{"id":1036,"href":"https:\/\/imediata.org\/index.php?rest_route=\/wp\/v2\/posts\/1034\/revisions\/1036"}],"wp:attachment":[{"href":"https:\/\/imediata.org\/index.php?rest_route=%2Fwp%2Fv2%2Fmedia&parent=1034"}],"wp:term":[{"taxonomy":"category","embeddable":true,"href":"https:\/\/imediata.org\/index.php?rest_route=%2Fwp%2Fv2%2Fcategories&post=1034"},{"taxonomy":"post_tag","embeddable":true,"href":"https:\/\/imediata.org\/index.php?rest_route=%2Fwp%2Fv2%2Ftags&post=1034"}],"curies":[{"name":"wp","href":"https:\/\/api.w.org\/{rel}","templated":true}]}}