{"id":1018,"date":"2012-01-10T13:53:30","date_gmt":"2012-01-10T13:53:30","guid":{"rendered":"http:\/\/imediata.org\/?p=1018"},"modified":"2012-01-10T21:52:47","modified_gmt":"2012-01-10T21:52:47","slug":"cinco-minutos-com-eduardo-viveiros-de-castro-falando-sobre-o-xingu","status":"publish","type":"post","link":"https:\/\/imediata.org\/?p=1018","title":{"rendered":">> Cinco minutos com Eduardo Viveiros de Castro &#8211; falando sobre o Xingu"},"content":{"rendered":"<p><strong>Cinco minutos com Eduardo Viveiros de Castro &#8211; falando sobre o Xingu<\/strong><br \/>\n<\/br><\/p>\n<p><strong>Eduardo Viveiros de Castro- Expedi\u00e7\u00e3o Gota d&#8217;\u00c1gua no Xingu<\/strong><br \/>\n<iframe loading=\"lazy\" title=\"Eduardo Viveiros de Castro: Expedi\u00e7\u00e3o Gota d&#039;\u00c1gua Xingu\" width=\"640\" height=\"360\" src=\"https:\/\/www.youtube.com\/embed\/4UpAr8wYJAY?feature=oembed\" frameborder=\"0\" allow=\"accelerometer; autoplay; clipboard-write; encrypted-media; gyroscope; picture-in-picture; web-share\" referrerpolicy=\"strict-origin-when-cross-origin\" allowfullscreen><\/iframe><br \/>\n<\/br><br \/>\n<strong>&#8220;Eduardo Viveiros de Castro, antrop\u00f3logo e professor do Museu Nacional da UFRJ fala ao Movimento Gota d&#8217;\u00c1gua sobre as riquezas naturais e culturais do rio Xingu e sobre o tipo de desenvolvimento que dever\u00edamos buscar para o Brasil. &#8220;Defender o Xingu \u00e9 defender o Brasil.&#8221;<\/strong><br \/>\n<\/br><br \/>\n<a href=\"http:\/\/imediata.org\/wp-content\/uploads\/2012\/01\/300px-Rio_Xingu.jpg\"><img loading=\"lazy\" decoding=\"async\" src=\"http:\/\/imediata.org\/wp-content\/uploads\/2012\/01\/300px-Rio_Xingu.jpg\" alt=\"\" title=\"300px-Rio_Xingu\" width=\"300\" height=\"300\" class=\"aligncenter size-full wp-image-1019\" srcset=\"https:\/\/imediata.org\/wp-content\/uploads\/2012\/01\/300px-Rio_Xingu.jpg 300w, https:\/\/imediata.org\/wp-content\/uploads\/2012\/01\/300px-Rio_Xingu-150x150.jpg 150w\" sizes=\"auto, (max-width: 300px) 100vw, 300px\" \/><\/a><br \/>\n<strong>Rio Xingu<\/strong><\/p>\n","protected":false},"excerpt":{"rendered":"<p>Cinco minutos com Eduardo Viveiros de Castro &#8211; falando sobre o Xingu Eduardo Viveiros de Castro- Expedi\u00e7\u00e3o Gota d&#8217;\u00c1gua no Xingu &#8220;Eduardo Viveiros de Castro, antrop\u00f3logo e professor do Museu Nacional da UFRJ fala ao Movimento Gota d&#8217;\u00c1gua sobre as riquezas naturais e culturais do rio Xingu e sobre o tipo de desenvolvimento que dever\u00edamos [&hellip;]<\/p>\n","protected":false},"author":1,"featured_media":0,"comment_status":"open","ping_status":"open","sticky":false,"template":"","format":"standard","meta":{"footnotes":""},"categories":[5,212],"tags":[389,388],"class_list":["post-1018","post","type-post","status-publish","format-standard","hentry","category-biodiversidade-imediata","category-cinco-minutos","tag-eduardo-viveiros-de-castro","tag-rio-xingu"],"_links":{"self":[{"href":"https:\/\/imediata.org\/index.php?rest_route=\/wp\/v2\/posts\/1018","targetHints":{"allow":["GET"]}}],"collection":[{"href":"https:\/\/imediata.org\/index.php?rest_route=\/wp\/v2\/posts"}],"about":[{"href":"https:\/\/imediata.org\/index.php?rest_route=\/wp\/v2\/types\/post"}],"author":[{"embeddable":true,"href":"https:\/\/imediata.org\/index.php?rest_route=\/wp\/v2\/users\/1"}],"replies":[{"embeddable":true,"href":"https:\/\/imediata.org\/index.php?rest_route=%2Fwp%2Fv2%2Fcomments&post=1018"}],"version-history":[{"count":5,"href":"https:\/\/imediata.org\/index.php?rest_route=\/wp\/v2\/posts\/1018\/revisions"}],"predecessor-version":[{"id":1024,"href":"https:\/\/imediata.org\/index.php?rest_route=\/wp\/v2\/posts\/1018\/revisions\/1024"}],"wp:attachment":[{"href":"https:\/\/imediata.org\/index.php?rest_route=%2Fwp%2Fv2%2Fmedia&parent=1018"}],"wp:term":[{"taxonomy":"category","embeddable":true,"href":"https:\/\/imediata.org\/index.php?rest_route=%2Fwp%2Fv2%2Fcategories&post=1018"},{"taxonomy":"post_tag","embeddable":true,"href":"https:\/\/imediata.org\/index.php?rest_route=%2Fwp%2Fv2%2Ftags&post=1018"}],"curies":[{"name":"wp","href":"https:\/\/api.w.org\/{rel}","templated":true}]}}