{"id":1006,"date":"2012-01-08T22:36:18","date_gmt":"2012-01-08T22:36:18","guid":{"rendered":"http:\/\/imediata.org\/?p=1006"},"modified":"2012-01-08T22:36:18","modified_gmt":"2012-01-08T22:36:18","slug":"luz-resistencia-politica-no-centro-de-sampa","status":"publish","type":"post","link":"https:\/\/imediata.org\/?p=1006","title":{"rendered":">> LUZ &#8211; resist\u00eancia pol\u00edtica no centro de Sampa"},"content":{"rendered":"<p><strong>LUZ &#8211; resist\u00eancia pol\u00edtica no centro de Sampa<\/strong><br \/>\n<\/br><br \/>\n<a href=\"http:\/\/imediata.org\/wp-content\/uploads\/2012\/01\/escudo_interditado.gif\"><img loading=\"lazy\" decoding=\"async\" src=\"http:\/\/imediata.org\/wp-content\/uploads\/2012\/01\/escudo_interditado.gif\" alt=\"\" title=\"escudo_interditado\" width=\"390\" height=\"207\" class=\"aligncenter size-full wp-image-1007\" srcset=\"https:\/\/imediata.org\/wp-content\/uploads\/2012\/01\/escudo_interditado.gif 390w, https:\/\/imediata.org\/wp-content\/uploads\/2012\/01\/escudo_interditado-300x159.gif 300w\" sizes=\"auto, (max-width: 390px) 100vw, 390px\" \/><\/a><br \/>\n<\/br><br \/>\n<strong>LUZ <\/strong><br \/>\n<iframe loading=\"lazy\" src=\"http:\/\/player.vimeo.com\/video\/32848727?title=0&amp;byline=0&amp;portrait=0\" width=\"400\" height=\"225\" frameborder=\"0\" webkitAllowFullScreen mozallowfullscreen allowFullScreen><\/iframe><\/p>\n<p><a href=\"http:\/\/vimeo.com\/32848727\">LUZ | subtitulado<\/a> from <a href=\"http:\/\/vimeo.com\/lefthandrotation\">Left Hand Rotation<\/a> on <a href=\"http:\/\/vimeo.com\">Vimeo<\/a>.<\/p>\n<p><\/br><br \/>\n<strong>MUSEO DE LOS DESPLAZADOS<\/strong><br \/>\n<a href=\"http:\/\/www.lefthandrotation.com\/museodesplazados\/ficha_luz.htm\">http:\/\/www.lefthandrotation.com\/museodesplazados\/ficha_luz.htm<\/a><\/p>\n","protected":false},"excerpt":{"rendered":"<p>LUZ &#8211; resist\u00eancia pol\u00edtica no centro de Sampa LUZ LUZ | subtitulado from Left Hand Rotation on Vimeo. MUSEO DE LOS DESPLAZADOS http:\/\/www.lefthandrotation.com\/museodesplazados\/ficha_luz.htm<\/p>\n","protected":false},"author":1,"featured_media":0,"comment_status":"open","ping_status":"open","sticky":false,"template":"","format":"standard","meta":{"footnotes":""},"categories":[81,9],"tags":[378,380,382,381,379],"class_list":["post-1006","post","type-post","status-publish","format-standard","hentry","category-imediartivismo","category-lance-de-dados","tag-luz","tag-museo-de-los-desplazados","tag-resistencia-politica-e-urbanismo","tag-reurbanizacao","tag-sao-paulo"],"_links":{"self":[{"href":"https:\/\/imediata.org\/index.php?rest_route=\/wp\/v2\/posts\/1006","targetHints":{"allow":["GET"]}}],"collection":[{"href":"https:\/\/imediata.org\/index.php?rest_route=\/wp\/v2\/posts"}],"about":[{"href":"https:\/\/imediata.org\/index.php?rest_route=\/wp\/v2\/types\/post"}],"author":[{"embeddable":true,"href":"https:\/\/imediata.org\/index.php?rest_route=\/wp\/v2\/users\/1"}],"replies":[{"embeddable":true,"href":"https:\/\/imediata.org\/index.php?rest_route=%2Fwp%2Fv2%2Fcomments&post=1006"}],"version-history":[{"count":1,"href":"https:\/\/imediata.org\/index.php?rest_route=\/wp\/v2\/posts\/1006\/revisions"}],"predecessor-version":[{"id":1008,"href":"https:\/\/imediata.org\/index.php?rest_route=\/wp\/v2\/posts\/1006\/revisions\/1008"}],"wp:attachment":[{"href":"https:\/\/imediata.org\/index.php?rest_route=%2Fwp%2Fv2%2Fmedia&parent=1006"}],"wp:term":[{"taxonomy":"category","embeddable":true,"href":"https:\/\/imediata.org\/index.php?rest_route=%2Fwp%2Fv2%2Fcategories&post=1006"},{"taxonomy":"post_tag","embeddable":true,"href":"https:\/\/imediata.org\/index.php?rest_route=%2Fwp%2Fv2%2Ftags&post=1006"}],"curies":[{"name":"wp","href":"https:\/\/api.w.org\/{rel}","templated":true}]}}